{"id":159670,"date":"2025-12-16T11:13:28","date_gmt":"2025-12-16T16:13:28","guid":{"rendered":"https:\/\/lgilawyers.com\/?p=159670"},"modified":"2025-12-12T11:14:04","modified_gmt":"2025-12-12T16:14:04","slug":"corte-federal-bloquea-expansion-de-deportaciones-rapidas","status":"publish","type":"post","link":"https:\/\/lgilawyers.com\/es\/corte-federal-bloquea-expansion-de-deportaciones-rapidas\/","title":{"rendered":"Corte Federal bloquea expansi\u00f3n de deportaciones r\u00e1pidas"},"content":{"rendered":"<h1><span style=\"font-weight: 400;\">Corte Federal bloquea expansi\u00f3n de deportaciones r\u00e1pidas: \u00bfQu\u00e9 significa para tu caso de inmigraci\u00f3n en 2025?<\/span><\/h1>\n<p><span style=\"font-weight: 400;\">El 23 de noviembre de 2025, una corte federal de apelaciones les dio a los inmigrantes una victoria significativa \u2014pero posiblemente temporal\u2014. Si usted enfrenta deportaci\u00f3n, esta ventana de oportunidad podr\u00eda no durar mucho.<\/span><\/p>\n<p><span style=\"font-weight: 400;\">Ese d\u00eda, las juezas del Circuito Patricia Millett y J. Michelle Childs emitieron un <\/span><a href=\"https:\/\/www.reuters.com\/world\/us\/trump-administration-cannot-expand-rapid-deportations-us-appeals-court-rules-2025-11-23\/#:~:text=of%20Columbia%20Circuit-,declined,%2C%20opens%20new%20tab,-to%20put%20on\" target=\"_blank\" rel=\"noopener\"><span style=\"font-weight: 400;\">fallo<\/span><\/a><span style=\"font-weight: 400;\"> que bloquea la expansi\u00f3n de la deportaci\u00f3n acelerada, el proceso que permite expulsar a una persona sin audiencia ante un juez de inmigraci\u00f3n. La administraci\u00f3n Trump hab\u00eda intentado ampliar este mecanismo para aplicarlo a cualquier persona que tuviera menos de dos a\u00f1os en EE. UU., sin importar d\u00f3nde fuera detenida.<\/span><\/p>\n<p><span style=\"font-weight: 400;\">Esta decisi\u00f3n importa porque afecta a toda persona que haya estado menos de 2 a\u00f1os en el pa\u00eds; puede devolverte el derecho a una audiencia que antes no ten\u00edas y abre una ventana legal temporal que podr\u00eda cerrarse pronto.<\/span><\/p>\n<p><span style=\"font-weight: 400;\">La administraci\u00f3n ya anunci\u00f3 que apelar\u00e1 la decisi\u00f3n. Eso significa que este bloqueo podr\u00eda revertirse en semanas o meses. Por eso los abogados de defensa de deportaci\u00f3n de Law Group International est\u00e1n recomendando actuar de inmediato.<\/span><\/p>\n<p><span style=\"font-weight: 400;\">En este art\u00edculo te explicamos:<\/span><\/p>\n<ul>\n<li style=\"font-weight: 400;\" aria-level=\"1\"><span style=\"font-weight: 400;\">Qu\u00e9 decidi\u00f3 exactamente la corte.<\/span><\/li>\n<li style=\"font-weight: 400;\" aria-level=\"1\"><span style=\"font-weight: 400;\">A qui\u00e9n protege esta decisi\u00f3n.<\/span><\/li>\n<li style=\"font-weight: 400;\" aria-level=\"1\"><span style=\"font-weight: 400;\">A qui\u00e9n perjudica.<\/span><\/li>\n<li style=\"font-weight: 400;\" aria-level=\"1\"><span style=\"font-weight: 400;\">Qu\u00e9 hacer ahora mismo si est\u00e1s afectado.<\/span><\/li>\n<li style=\"font-weight: 400;\" aria-level=\"1\"><span style=\"font-weight: 400;\">Cu\u00e1nto podr\u00eda durar esta ventana legal.<\/span><\/li>\n<\/ul>\n<p><span style=\"font-weight: 400;\">Si t\u00fa o un ser querido llegaron a EE. UU. en los \u00faltimos dos a\u00f1os, o est\u00e1n enfrentando deportaci\u00f3n acelerada, lee con atenci\u00f3n \u2014y luego habla de inmediato con un abogado especializado en defensa de deportaci\u00f3n.<\/span><\/p>\n<h2><span style=\"font-weight: 400;\">\u00bfQu\u00e9 decidi\u00f3 la Corte de Apelaciones?<\/span><\/h2>\n<h3><span style=\"font-weight: 400;\">Explicaci\u00f3n del fallo de noviembre de 2025<\/span><\/h3>\n<p><span style=\"font-weight: 400;\">El 23 de noviembre de 2025, la Corte Federal de Apelaciones emiti\u00f3 un fallo crucial que detiene la expansi\u00f3n propuesta de la deportaci\u00f3n acelerada. Las juezas Patricia Millett y J. Michelle Childs concluyeron que la administraci\u00f3n Trump \u00abno ten\u00eda probabilidades de demostrar\u00bb que su sistema cumple con las protecciones constitucionales del due process (debido proceso).<\/span><\/p>\n<p><span style=\"font-weight: 400;\">De manera sucinta, la corte considera que deportar a personas sin audiencia ante un juez \u2014como permitir\u00eda la expansi\u00f3n\u2014 probablemente viola derechos constitucionales b\u00e1sicos.<\/span><\/p>\n<p><span style=\"font-weight: 400;\">El efecto inmediato del fallo es que la expansi\u00f3n nacional de la deportaci\u00f3n acelerada queda bloqueada temporalmente, lo que mantiene en vigor el sistema original, m\u00e1s limitado en su alcance. Adem\u00e1s, la corte reconoci\u00f3 que aplicar la pol\u00edtica expandida antes de evaluar su legalidad podr\u00eda causar da\u00f1os irreparables a las personas afectadas. Como resultado, muchas personas en riesgo ahora cuentan con una nueva oportunidad para buscar asesor\u00eda legal, revisar sus casos y ejercer derechos que, de otro modo, podr\u00edan haberse visto vulnerados.<\/span><\/p>\n<p><span style=\"font-weight: 400;\">DEL FALLO (Reuters):<\/span><\/p>\n<p><span style=\"font-weight: 400;\">\u201cLas juezas Patricia Millett y J. Michelle Childs dijeron que la administraci\u00f3n probablemente no pueda demostrar que sus sistemas y procedimientos cumplen con los requisitos del debido proceso.\u201d<\/span><\/p>\n<p><span style=\"font-weight: 400;\">\u2014 <\/span><a href=\"https:\/\/www.reuters.com\/world\/us\/trump-administration-cannot-expand-rapid-deportations-us-appeals-court-rules-2025-11-23\/\" target=\"_blank\" rel=\"noopener\"><span style=\"font-weight: 400;\">Reuters, 23 de noviembre de 2025<\/span><\/a><\/p>\n<p><span style=\"font-weight: 400;\">En esencia, la corte est\u00e1 diciendo que la administraci\u00f3n no puede justificar legalmente deportaciones sin audiencia.<\/span><\/p>\n<h3><span style=\"font-weight: 400;\">\u00bfQu\u00e9 es la deportaci\u00f3n acelerada?<\/span><\/h3>\n<p><span style=\"font-weight: 400;\">La deportaci\u00f3n acelerada es un proceso que permite al Gobierno expulsar a una persona sin audiencia ante un juez de inmigraci\u00f3n. A diferencia de un proceso normal, bajo deportaci\u00f3n acelerada NO tienes derecho a presentarte ante un juez, presentar evidencia, ser representado por un abogado en audiencia y apelar la decisi\u00f3n.<\/span><\/p>\n<p><span style=\"font-weight: 400;\">Bajo este mecanismo, un oficial de <\/span><a href=\"https:\/\/www.ice.gov\/es\" target=\"_blank\" rel=\"noopener\"><span style=\"font-weight: 400;\">ICE<\/span><\/a><span style=\"font-weight: 400;\"> puede ordenar y ejecutar la deportaci\u00f3n en d\u00edas o incluso horas.<\/span><\/p>\n<p><span style=\"font-weight: 400;\">Antes de la expansi\u00f3n, la deportaci\u00f3n acelerada solo se aplicaba a un grupo reducido de personas: aquellas detenidas a menos de 100 millas de la frontera, quienes ten\u00edan menos de 14 d\u00edas dentro del pa\u00eds y quienes no pod\u00edan presentar evidencia de una entrada legal. Este sistema original era m\u00e1s limitado en alcance geogr\u00e1fico y en el tipo de casos en los que pod\u00eda utilizarse.<\/span><\/p>\n<p><span style=\"font-weight: 400;\">La expansi\u00f3n bloqueada por la corte habr\u00eda ampliado dr\u00e1sticamente ese alcance, permitiendo que cualquier persona con menos de dos a\u00f1os en Estados Unidos fuera sujeta a deportaci\u00f3n acelerada, sin importar en qu\u00e9 parte del territorio nacional se encontrara ni las circunstancias de su detenci\u00f3n. De haberse implementado, la pol\u00edtica habr\u00eda permitido deportaciones sin audiencia para personas en casi cualquier situaci\u00f3n migratoria reciente.<\/span><\/p>\n<p><span style=\"font-weight: 400;\">La corte ha bloqueado esta expansi\u00f3n\u2026 por ahora.<\/span><\/p>\n<table>\n<tbody>\n<tr>\n<td><b>Aspecto<\/b><\/td>\n<td><b>Pol\u00edtica original<\/b><\/td>\n<td><b>Expansi\u00f3n de Trump (BLOQUEADA)<\/b><\/td>\n<\/tr>\n<tr>\n<td><span style=\"font-weight: 400;\">Alcance geogr\u00e1fico<\/span><\/td>\n<td><span style=\"font-weight: 400;\">Dentro de 100 millas de la frontera<\/span><\/td>\n<td><span style=\"font-weight: 400;\">Todo Estados Unidos<\/span><\/td>\n<\/tr>\n<tr>\n<td><span style=\"font-weight: 400;\">Tiempo en el pa\u00eds<\/span><\/td>\n<td><span style=\"font-weight: 400;\">Menos de 14 d\u00edas<\/span><\/td>\n<td><span style=\"font-weight: 400;\">Menos de 2 a\u00f1os<\/span><\/td>\n<\/tr>\n<tr>\n<td><span style=\"font-weight: 400;\">Derecho a audiencia<\/span><\/td>\n<td><span style=\"font-weight: 400;\">No<\/span><\/td>\n<td><span style=\"font-weight: 400;\">No<\/span><\/td>\n<\/tr>\n<tr>\n<td><span style=\"font-weight: 400;\">Estado actual<\/span><\/td>\n<td><span style=\"font-weight: 400;\">Sigue vigente<\/span><\/td>\n<td><b>BLOQUEADA<\/b><span style=\"font-weight: 400;\"> por la corte<\/span><\/td>\n<\/tr>\n<\/tbody>\n<\/table>\n<p><i><span style=\"font-weight: 400;\">Tabla: Pol\u00edtica original vs. expansi\u00f3n bloqueada<\/span><\/i><\/p>\n<h2><span style=\"font-weight: 400;\">\u00bfA qui\u00e9n protege este fallo?<\/span><\/h2>\n<h3><span style=\"font-weight: 400;\">Personas que se benefician de esta decisi\u00f3n<\/span><\/h3>\n<p><span style=\"font-weight: 400;\">Este fallo puede beneficiar a personas que:<\/span><\/p>\n<ul>\n<li style=\"font-weight: 400;\" aria-level=\"1\"><span style=\"font-weight: 400;\">Han estado en Estados Unidos entre 14 d\u00edas y 2 a\u00f1os.<\/span><\/li>\n<li style=\"font-weight: 400;\" aria-level=\"1\"><span style=\"font-weight: 400;\">Fueron detenidas a m\u00e1s de 100 millas de la frontera o enfrentaron deportaci\u00f3n acelerada bajo la pol\u00edtica expandida que propuso la administraci\u00f3n Trump.\u00a0<\/span><\/li>\n<li style=\"font-weight: 400;\" aria-level=\"1\"><span style=\"font-weight: 400;\">A\u00fan no han sido deportados.<\/span><\/li>\n<li style=\"font-weight: 400;\" aria-level=\"1\"><span style=\"font-weight: 400;\">No han firmado un acuerdo de salida voluntaria.\u00a0<\/span><\/li>\n<\/ul>\n<p><span style=\"font-weight: 400;\">Si perteneces a uno de estos grupos, esta decisi\u00f3n podr\u00eda cambiar de manera significativa el rumbo de tu caso.<\/span><\/p>\n<p><span style=\"font-weight: 400;\">En t\u00e9rminos pr\u00e1cticos, el fallo puede brindarte nuevos derechos y oportunidades. Por ejemplo, podr\u00edas obtener acceso a una audiencia ante un juez de inmigraci\u00f3n, algo que la versi\u00f3n expandida de la deportaci\u00f3n acelerada habr\u00eda eliminado. Tambi\u00e9n podr\u00edas tener m\u00e1s tiempo para reunir evidencia, construir un caso s\u00f3lido y conseguir un abogado que te represente. En algunos casos, podr\u00edas calificar para formas de alivio legal como asilo, cancelaci\u00f3n de deportaci\u00f3n u otras defensas que necesariamente requieren una audiencia. Adem\u00e1s, este fallo puede evitar que seas deportado inmediatamente sin el debido proceso que establece la Constituci\u00f3n.<\/span><\/p>\n<p><span style=\"font-weight: 400;\">Sin embargo, cada caso es \u00fanico. El equipo de defensa de deportaci\u00f3n de Law Group International puede evaluar si esta protecci\u00f3n temporal aplica espec\u00edficamente a tu situaci\u00f3n y qu\u00e9 pasos debes tomar a continuaci\u00f3n.<\/span><\/p>\n<h3><span style=\"font-weight: 400;\">\u00bfQui\u00e9n NO est\u00e1 protegido por este fallo?<\/span><\/h3>\n<p><span style=\"font-weight: 400;\">Este fallo no protege a todas las personas en proceso de deportaci\u00f3n.\u00a0<\/span><\/p>\n<ul>\n<li style=\"font-weight: 400;\" aria-level=\"1\"><span style=\"font-weight: 400;\">Si fuiste detenido dentro de 100 millas de la frontera y llevas menos de 14 d\u00edas en Estados Unidos, la pol\u00edtica original de deportaci\u00f3n acelerada a\u00fan se aplica y no estar\u00edas cubierto por esta decisi\u00f3n.\u00a0<\/span><\/li>\n<li style=\"font-weight: 400;\" aria-level=\"1\"><span style=\"font-weight: 400;\">Tampoco ofrece protecci\u00f3n a personas que tienen \u00f3rdenes de deportaci\u00f3n finalizadas, ya que el fallo no revierte expulsiones pasadas ni reactiva casos cerrados.<\/span><\/li>\n<li style=\"font-weight: 400;\" aria-level=\"1\"><span style=\"font-weight: 400;\">Si firmaste un acuerdo de salida voluntaria, es posible que hayas renunciado a ciertos derechos.<\/span><\/li>\n<li style=\"font-weight: 400;\" aria-level=\"1\"><span style=\"font-weight: 400;\">Si has estado en el pa\u00eds por m\u00e1s de dos a\u00f1os, la deportaci\u00f3n acelerada \u2014ni la original ni la expandida\u2014 se aplica a ti de todos modos.\u00a0<\/span><\/li>\n<li style=\"font-weight: 400;\" aria-level=\"1\"><span style=\"font-weight: 400;\">Finalmente, algunas personas con ciertos antecedentes penales pueden estar sujetas a procedimientos de deportaci\u00f3n distintos y no estar cubiertas por esta protecci\u00f3n.<\/span><\/li>\n<\/ul>\n<p><span style=\"font-weight: 400;\">Aun as\u00ed, incluso si no est\u00e1s protegido directamente por el fallo, podr\u00edas tener opciones legales. Es fundamental consultar con un abogado para conocer todas tus alternativas.<\/span><\/p>\n<h3><span style=\"font-weight: 400;\">Advertencia cr\u00edtica: Esto podr\u00eda ser temporal<\/span><\/h3>\n<p>&nbsp;<\/p>\n<table>\n<tbody>\n<tr>\n<td><span style=\"font-weight: 400;\">URGENTE: ESTA VENTANA PUEDE CERRARSE<\/span><\/td>\n<\/tr>\n<\/tbody>\n<\/table>\n<p><span style=\"font-weight: 400;\">Aunque esta decisi\u00f3n es una victoria significativa para muchas personas en riesgo de deportaci\u00f3n acelerada, tambi\u00e9n es una victoria temporal. Este fallo es preliminar y no representa una decisi\u00f3n final del sistema judicial. La administraci\u00f3n Trump ya ha indicado que apelar\u00e1, lo que podr\u00eda llevar el caso a una revisi\u00f3n completa del tribunal de apelaciones (en banc) o incluso a la Corte Suprema. Adem\u00e1s, otra corte podr\u00eda emitir un fallo distinto en cualquier momento.<\/span><\/p>\n<p><span style=\"font-weight: 400;\">Esto significa que la protecci\u00f3n otorgada por este fallo podr\u00eda desaparecer en semanas o meses. La ventana legal que se abri\u00f3 el 23 de noviembre de 2025 no est\u00e1 garantizada y podr\u00eda cerrarse r\u00e1pidamente. Si esta decisi\u00f3n te ofrece nuevas oportunidades para defender tu caso, es crucial que act\u00faes de inmediato. Cada d\u00eda que pasa aumenta el riesgo de que la pol\u00edtica expandida sea restaurada.<\/span><\/p>\n<p><span style=\"font-weight: 400;\">Los abogados de defensa de deportaci\u00f3n de Law Group International est\u00e1n disponibles para ayudarte a determinar tus opciones y tomar medidas antes de que esta ventana se cierre.<\/span><\/p>\n<h2><span style=\"font-weight: 400;\">Qu\u00e9 hacer si est\u00e1s afectado<\/span><\/h2>\n<h3><span style=\"font-weight: 400;\">Acciones inmediatas que debes tomar esta semana<\/span><\/h3>\n<p><span style=\"font-weight: 400;\">Si crees que podr\u00edas estar protegido por el fallo que bloquea la expansi\u00f3n de la deportaci\u00f3n acelerada, es fundamental actuar de inmediato. Esta ventana legal podr\u00eda cerrarse pronto, y cada d\u00eda cuenta para proteger tus derechos y tu futuro en Estados Unidos.<\/span><\/p>\n<p><span style=\"font-weight: 400;\">Lo primero es determinar si calificas bajo esta decisi\u00f3n. Preg\u00fantate:\u00a0<\/span><\/p>\n<ul>\n<li style=\"font-weight: 400;\" aria-level=\"1\"><span style=\"font-weight: 400;\">\u00bfHe estado en Estados Unidos por m\u00e1s de 14 d\u00edas, pero menos de 2 a\u00f1os?\u00a0<\/span><\/li>\n<li style=\"font-weight: 400;\" aria-level=\"1\"><span style=\"font-weight: 400;\">\u00bfFui detenido \u2014o podr\u00eda ser detenido\u2014 fuera de la zona de 100 millas de la frontera?\u00a0<\/span><\/li>\n<li style=\"font-weight: 400;\" aria-level=\"1\"><span style=\"font-weight: 400;\">\u00bfEstaba enfrentando deportaci\u00f3n acelerada bajo la pol\u00edtica expandida?\u00a0<\/span><\/li>\n<li style=\"font-weight: 400;\" aria-level=\"1\"><span style=\"font-weight: 400;\">\u00bfNo he firmado un acuerdo de salida voluntaria?\u00a0<\/span><\/li>\n<\/ul>\n<p><span style=\"font-weight: 400;\">Si respondiste s\u00ed a estas preguntas, es posible que este fallo te brinde protecciones cruciales que antes no ten\u00edas.<\/span><\/p>\n<p><span style=\"font-weight: 400;\">El segundo paso es reunir evidencia que demuestre tu tiempo en el pa\u00eds. Esta documentaci\u00f3n es esencial para tu defensa. Debes comenzar a recopilar:<\/span><\/p>\n<ul>\n<li style=\"font-weight: 400;\" aria-level=\"1\"><span style=\"font-weight: 400;\">Recibos de renta o contratos de vivienda con fechas.\u00a0<\/span><\/li>\n<li style=\"font-weight: 400;\" aria-level=\"1\"><span style=\"font-weight: 400;\">Facturas de servicios, talones de pago.<\/span><\/li>\n<li style=\"font-weight: 400;\" aria-level=\"1\"><span style=\"font-weight: 400;\">Estados de cuenta bancarios con transacciones dentro de Estados Unidos.\u00a0<\/span><\/li>\n<li style=\"font-weight: 400;\" aria-level=\"1\"><span style=\"font-weight: 400;\">Registros escolares tuyos o de tus hijos.\u00a0<\/span><\/li>\n<li style=\"font-weight: 400;\" aria-level=\"1\"><span style=\"font-weight: 400;\">Registros m\u00e9dicos.\u00a0<\/span><\/li>\n<li style=\"font-weight: 400;\" aria-level=\"1\"><span style=\"font-weight: 400;\">Constancias de iglesias u organizaciones comunitarias.\u00a0<\/span><\/li>\n<li style=\"font-weight: 400;\" aria-level=\"1\"><span style=\"font-weight: 400;\">Fotograf\u00edas con fecha y metadatos.\u00a0<\/span><\/li>\n<li style=\"font-weight: 400;\" aria-level=\"1\"><span style=\"font-weight: 400;\">Declaraciones juradas de personas que puedan confirmar tu fecha de llegada.\u00a0<\/span><\/li>\n<\/ul>\n<p><span style=\"font-weight: 400;\">Cuanto m\u00e1s s\u00f3lida sea la evidencia, m\u00e1s robusto ser\u00e1 tu caso.<\/span><\/p>\n<p><span style=\"font-weight: 400;\">El tercer paso es consultar inmediatamente con un abogado de defensa de deportaci\u00f3n. Los abogados Khalid y Daniela, de Law Group International, est\u00e1n ofreciendo consultas aceleradas para las personas afectadas por este fallo. Ellos pueden determinar si esta decisi\u00f3n se aplica a tu caso, identificar todas tus opciones legales, comenzar a construir tu defensa y presentar documentos antes de que esta oportunidad desaparezca.<\/span><\/p>\n<p><span style=\"font-weight: 400;\">Por \u00faltimo, no firmes nada sin hablar con un abogado. Si ICE te entrega documentos o intenta que firmes alg\u00fan acuerdo, no aceptes salida voluntaria, \u00f3rdenes de deportaci\u00f3n estipuladas ni renuncias a una audiencia. Podr\u00edas tener derechos que antes no exist\u00edan y, si firmas sin asesor\u00eda, podr\u00edas perderlos.<\/span><\/p>\n<h3><span style=\"font-weight: 400;\">Opciones legales que ahora pueden estar disponibles para ti<\/span><\/h3>\n<p><span style=\"font-weight: 400;\">Si este fallo te da derecho a una audiencia ante un juez de inmigraci\u00f3n, podr\u00edas tener acceso a varias formas de alivio legal que requieren un proceso formal. Entre ellas est\u00e1:<\/span><\/p>\n<ul>\n<li style=\"font-weight: 400;\" aria-level=\"1\"><span style=\"font-weight: 400;\">El <\/span><b>asilo<\/b><span style=\"font-weight: 400;\">, que protege a personas que huyen de persecuci\u00f3n por motivos de raza, religi\u00f3n, nacionalidad, opini\u00f3n pol\u00edtica o pertenencia a un grupo social particular.\u00a0<\/span><\/li>\n<li style=\"font-weight: 400;\" aria-level=\"1\"><span style=\"font-weight: 400;\">Tambi\u00e9n est\u00e1 la <\/span><b>retenci\u00f3n de deportaci\u00f3n<\/b><span style=\"font-weight: 400;\">, que exige demostrar un riesgo a\u00fan mayor de persecuci\u00f3n, pero no tiene l\u00edmite de tiempo para presentar la solicitud.<\/span><\/li>\n<li style=\"font-weight: 400;\" aria-level=\"1\"><span style=\"font-weight: 400;\">Otra opci\u00f3n es la <\/span><b>cancelaci\u00f3n de deportaci\u00f3n<\/b><span style=\"font-weight: 400;\">, disponible para quienes llevan m\u00e1s de 10 a\u00f1os en el pa\u00eds y pueden demostrar que su expulsi\u00f3n causar\u00eda un perjuicio \u00abexcepcional y extremadamente inusual\u00bb a un familiar ciudadano o residente permanente.\u00a0<\/span><\/li>\n<li style=\"font-weight: 400;\" aria-level=\"1\"><span style=\"font-weight: 400;\">Algunas personas tambi\u00e9n podr\u00edan calificar para <\/span><b>ajuste de estatus<\/b><span style=\"font-weight: 400;\"> si tienen una relaci\u00f3n familiar u otro fundamento legal para solicitar la residencia.\u00a0<\/span><\/li>\n<li style=\"font-weight: 400;\" aria-level=\"1\"><span style=\"font-weight: 400;\">En ciertos casos, incluso la <\/span><b>salida voluntaria<\/b><span style=\"font-weight: 400;\"> puede ser una estrategia \u00fatil, pero solo debe considerarse con asesor\u00eda legal.<\/span><\/li>\n<\/ul>\n<p><span style=\"font-weight: 400;\">El equipo de defensa de deportaci\u00f3n de Law Group International puede ayudarte a entender qu\u00e9 opciones aplican a tu caso y cu\u00e1l es la mejor v\u00eda para protegerte.<\/span><\/p>\n<h2><span style=\"font-weight: 400;\">Preguntas frecuentes sobre el fallo<\/span><\/h2>\n<h3><span style=\"font-weight: 400;\">\u00bfCu\u00e1nto tiempo durar\u00e1 este fallo?<\/span><\/h3>\n<p><span style=\"font-weight: 400;\">Por ahora, no existe una respuesta definitiva. Este es un fallo preliminar que estar\u00e1 vigente mientras se decide el caso completo en las cortes. La administraci\u00f3n Trump ya anunci\u00f3 que apelar\u00e1, lo que podr\u00eda llevar la decisi\u00f3n ante el pleno del tribunal de apelaciones (en banc) o incluso directamente a la Corte Suprema. Bas\u00e1ndonos en casos similares, esta protecci\u00f3n podr\u00eda durar semanas, meses o incluso m\u00e1s tiempo si las cortes siguen bloqueando la pol\u00edtica. Sin embargo, tambi\u00e9n podr\u00eda revertirse con rapidez. Esta incertidumbre es precisamente la raz\u00f3n por la que debes actuar ahora y no esperar a que la situaci\u00f3n cambie.<\/span><\/p>\n<h3><span style=\"font-weight: 400;\">Ya fui deportado bajo deportaci\u00f3n acelerada. \u00bfPuedo regresar?<\/span><\/h3>\n<p><span style=\"font-weight: 400;\">Este fallo no revierte autom\u00e1ticamente deportaciones anteriores. Sin embargo, si fuiste deportado bajo la pol\u00edtica expandida \u2014es decir, si hab\u00edas estado en el pa\u00eds entre 14 d\u00edas y 2 a\u00f1os y fuiste detenido fuera de la franja de 100 millas de la frontera\u2014 despu\u00e9s de que esa expansi\u00f3n entr\u00f3 en vigor. Podr\u00edas tener bases legales para impugnar tu deportaci\u00f3n. Este tipo de reclamo es complejo y depende de detalles espec\u00edficos de cada caso, incluyendo fechas, jurisdicci\u00f3n y procedimientos utilizados por ICE o CBP. Lo m\u00e1s recomendable es consultar con un abogado de defensa de deportaci\u00f3n de Law Group International para evaluar tu situaci\u00f3n particular.<\/span><\/p>\n<h3><span style=\"font-weight: 400;\">Tengo una audiencia programada ante un juez. \u00bfEste fallo me afecta?<\/span><\/h3>\n<p><span style=\"font-weight: 400;\">Si ya tienes una audiencia asignada ante un juez de inmigraci\u00f3n, este fallo no cambia tu situaci\u00f3n de manera directa, ya que t\u00fa ya cuentas con el derecho que este fallo protege: acceso a una audiencia y un proceso formal. No obstante, el fallo es significativo porque muestra que las cortes federales est\u00e1n examinando rigurosamente los procedimientos de deportaci\u00f3n de la administraci\u00f3n y encontrando violaciones al debido proceso. Este ambiente judicial podr\u00eda influir positivamente en tu caso. Habla con tu abogado sobre las posibles implicaciones.<\/span><\/p>\n<h3><span style=\"font-weight: 400;\">\u00bfICE todav\u00eda puede arrestarme?<\/span><\/h3>\n<p><span style=\"font-weight: 400;\">S\u00ed. Este fallo no impide que ICE arreste o detenga personas. Lo \u00fanico que afecta es si ciertas personas pueden ser deportadas sin audiencia mediante deportaci\u00f3n acelerada. Todav\u00eda puedes ser arrestado, detenido y colocado en procesos de deportaci\u00f3n regulares. Sin embargo, si perteneces a la categor\u00eda protegida por el fallo, ahora podr\u00edas tener derecho a presentarte ante un juez en lugar de ser deportado de inmediato. Es fundamental conocer tus derechos durante cualquier encuentro con ICE.<\/span><\/p>\n<h3><span style=\"font-weight: 400;\">\u00bfQu\u00e9 pasa si llevo m\u00e1s de 2 a\u00f1os en Estados Unidos?<\/span><\/h3>\n<p><span style=\"font-weight: 400;\">Si has estado en Estados Unidos por m\u00e1s de 2 a\u00f1os, la deportaci\u00f3n acelerada \u2014ni la versi\u00f3n original ni la expandida\u2014 aplica en tu caso. Ya tienes derecho a una audiencia ante un juez si te colocan en procesos de deportaci\u00f3n. Aunque este fallo no te afecta directamente, forma parte de una tendencia judicial a cuestionar pol\u00edticas de deportaci\u00f3n agresivas, lo cual puede beneficiar a la comunidad inmigrante en general. De todos modos, si enfrentas un proceso de deportaci\u00f3n, consulta con un abogado para conocer tus opciones.<\/span><\/p>\n<h2><span style=\"font-weight: 400;\">Act\u00faa ahora mientras esta ventana est\u00e1 abierta<\/span><\/h2>\n<p><span style=\"font-weight: 400;\">El fallo emitido el 23 de noviembre de 2025 por la corte federal de apelaciones bloque\u00f3 la expansi\u00f3n de la deportaci\u00f3n acelerada y cre\u00f3 una oportunidad que podr\u00eda cambiar el destino de miles de personas. Esta decisi\u00f3n protege temporalmente a quienes han estado en Estados Unidos entre 14 d\u00edas y 2 a\u00f1os de ser deportados sin audiencia ante un juez. Sin embargo, esta protecci\u00f3n no es permanente. La administraci\u00f3n Trump ya ha anunciado que apelar\u00e1, y la ventana legal que hoy existe podr\u00eda cerrarse en cualquier momento.<\/span><\/p>\n<p><span style=\"font-weight: 400;\">Es fundamental recordar los puntos clave:<\/span><\/p>\n<ul>\n<li style=\"font-weight: 400;\" aria-level=\"1\"><span style=\"font-weight: 400;\">La corte bloque\u00f3 la expansi\u00f3n de la deportaci\u00f3n acelerada.<\/span><\/li>\n<li style=\"font-weight: 400;\" aria-level=\"1\"><span style=\"font-weight: 400;\">Si llevas entre 14 d\u00edas y 2 a\u00f1os en el pa\u00eds, podr\u00edas tener derecho a una audiencia.<\/span><\/li>\n<li style=\"font-weight: 400;\" aria-level=\"1\"><span style=\"font-weight: 400;\">Es posible que ahora puedas solicitar alivios legales que antes no estaban disponibles.<\/span><\/li>\n<li style=\"font-weight: 400;\" aria-level=\"1\"><span style=\"font-weight: 400;\">El fallo es temporal y puede revertirse pronto.<\/span><\/li>\n<li style=\"font-weight: 400;\" aria-level=\"1\"><span style=\"font-weight: 400;\">Debes actuar inmediatamente para proteger tus derechos.<\/span><\/li>\n<li style=\"font-weight: 400;\" aria-level=\"1\"><span style=\"font-weight: 400;\">No firmes ning\u00fan documento sin asesorarte con un abogado de defensa de deportaci\u00f3n.<\/span><\/li>\n<\/ul>\n<p><span style=\"font-weight: 400;\">Este es el momento de tomar medidas antes de que la oportunidad desaparezca.<\/span><\/p>\n<p><b>ESTA VENTANA NO ESTAR\u00c1 ABIERTA PARA SIEMPRE<\/b><\/p>\n<p><span style=\"font-weight: 400;\">La corte te ha dado una oportunidad real, pero limitada. Ahora depende de ti aprovecharla mientras todav\u00eda existe.<\/span><\/p>\n<p><span style=\"font-weight: 400;\">Si t\u00fa o un familiar han estado en Estados Unidos entre 14 d\u00edas y 2 a\u00f1os, estaban enfrentando deportaci\u00f3n sin audiencia o desean entender todas sus opciones antes de que este fallo sea revertido, es absolutamente necesario actuar de inmediato.<\/span><\/p>\n<p><span style=\"font-weight: 400;\">Los abogados de defensa de deportaci\u00f3n de <\/span><a href=\"https:\/\/lgilawyers.com\/\"><b>Law Group International<\/b><\/a><span style=\"font-weight: 400;\">, Khalid y Daniela, est\u00e1n ofreciendo consultas expeditas para personas afectadas por esta decisi\u00f3n. Ellos pueden evaluar tu caso, identificar opciones de alivio y ayudarte a proteger tus derechos antes de que cambie la situaci\u00f3n legal.<\/span><\/p>\n<p><span style=\"font-weight: 400;\">No esperes a que la Corte Suprema elimine esta protecci\u00f3n ni a que la pol\u00edtica expandida vuelva a implementarse. Cada d\u00eda que pasa es un d\u00eda menos dentro de esta ventana legal. <\/span><a href=\"https:\/\/lgilawyers.com\/individual-immigration\/deportation-defense\/#contact\"><b>Llama ahora y menciona \u00abFallo Deportaci\u00f3n Acelerada\u00bb para obtener programaci\u00f3n prioritaria.<\/b><\/a><\/p>\n","protected":false},"excerpt":{"rendered":"<p>Corte Federal bloquea expansi\u00f3n de deportaciones r\u00e1pidas: \u00bfQu\u00e9 significa para tu caso de inmigraci\u00f3n en 2025? El 23 de noviembre [&hellip;]<\/p>\n","protected":false},"author":2,"featured_media":159674,"comment_status":"closed","ping_status":"closed","sticky":false,"template":"","format":"standard","meta":{"footnotes":""},"categories":[177],"tags":[165],"class_list":["post-159670","post","type-post","status-publish","format-standard","has-post-thumbnail","hentry","category-perspectivas-estrategias-legales","tag-deportacion-rapida"],"_links":{"self":[{"href":"https:\/\/lgilawyers.com\/es\/wp-json\/wp\/v2\/posts\/159670","targetHints":{"allow":["GET"]}}],"collection":[{"href":"https:\/\/lgilawyers.com\/es\/wp-json\/wp\/v2\/posts"}],"about":[{"href":"https:\/\/lgilawyers.com\/es\/wp-json\/wp\/v2\/types\/post"}],"author":[{"embeddable":true,"href":"https:\/\/lgilawyers.com\/es\/wp-json\/wp\/v2\/users\/2"}],"replies":[{"embeddable":true,"href":"https:\/\/lgilawyers.com\/es\/wp-json\/wp\/v2\/comments?post=159670"}],"version-history":[{"count":1,"href":"https:\/\/lgilawyers.com\/es\/wp-json\/wp\/v2\/posts\/159670\/revisions"}],"predecessor-version":[{"id":159671,"href":"https:\/\/lgilawyers.com\/es\/wp-json\/wp\/v2\/posts\/159670\/revisions\/159671"}],"wp:featuredmedia":[{"embeddable":true,"href":"https:\/\/lgilawyers.com\/es\/wp-json\/wp\/v2\/media\/159674"}],"wp:attachment":[{"href":"https:\/\/lgilawyers.com\/es\/wp-json\/wp\/v2\/media?parent=159670"}],"wp:term":[{"taxonomy":"category","embeddable":true,"href":"https:\/\/lgilawyers.com\/es\/wp-json\/wp\/v2\/categories?post=159670"},{"taxonomy":"post_tag","embeddable":true,"href":"https:\/\/lgilawyers.com\/es\/wp-json\/wp\/v2\/tags?post=159670"}],"curies":[{"name":"wp","href":"https:\/\/api.w.org\/{rel}","templated":true}]}}